{"id":79158,"date":"2023-10-26T23:50:48","date_gmt":"2023-10-26T23:50:48","guid":{"rendered":"https:\/\/neboaconcept.com\/bela-furtiva\/"},"modified":"2023-10-26T23:50:48","modified_gmt":"2023-10-26T23:50:48","slug":"bela-furtiva","status":"publish","type":"post","link":"https:\/\/neboaconcept.com\/es\/bela-furtiva\/","title":{"rendered":"bela furtiva"},"content":{"rendered":"<div class=\"wpb-content-wrapper\"><p>[vc_row row_height_percent=&#8221;0&#8243; override_padding=&#8221;yes&#8221; h_padding=&#8221;2&#8243; top_padding=&#8221;1&#8243; bottom_padding=&#8221;1&#8243; overlay_alpha=&#8221;50&#8243; gutter_size=&#8221;3&#8243; column_width_percent=&#8221;100&#8243; shift_y=&#8221;0&#8243; z_index=&#8221;0&#8243;][vc_column width=&#8221;1\/1&#8243;][vc_row_inner limit_content=&#8221;&#8221;][vc_column_inner width=&#8221;1\/1&#8243;][vc_single_image media=&#8221;77966&#8243; media_width_percent=&#8221;100&#8243; media_ratio=&#8221;twentyone-nine&#8221; uncode_shortcode_id=&#8221;112958&#8243;][\/vc_column_inner][\/vc_row_inner][\/vc_column][\/vc_row][vc_row row_height_percent=&#8221;0&#8243; overlay_alpha=&#8221;50&#8243; equal_height=&#8221;yes&#8221; gutter_size=&#8221;3&#8243; column_width_percent=&#8221;100&#8243; shift_y=&#8221;0&#8243; z_index=&#8221;0&#8243;][vc_column column_width_percent=&#8221;100&#8243; gutter_size=&#8221;3&#8243; overlay_alpha=&#8221;50&#8243; shift_x=&#8221;0&#8243; shift_y=&#8221;0&#8243; shift_y_down=&#8221;0&#8243; z_index=&#8221;0&#8243; medium_width=&#8221;0&#8243; mobile_width=&#8221;0&#8243; width=&#8221;1\/3&#8243;][vc_column_text uncode_shortcode_id=&#8221;132533&#8243;]<\/p>\n<hr \/>\n<h1><span class=\"font-202503\">bela furtiva<\/span><\/h1>\n<p>[\/vc_column_text][\/vc_column][vc_column column_width_percent=&#8221;100&#8243; gutter_size=&#8221;3&#8243; overlay_alpha=&#8221;50&#8243; shift_x=&#8221;0&#8243; shift_y=&#8221;0&#8243; shift_y_down=&#8221;0&#8243; z_index=&#8221;0&#8243; medium_width=&#8221;0&#8243; mobile_width=&#8221;0&#8243; width=&#8221;1\/3&#8243; el_class=&#8221;padding-top-texblock&#8221;][vc_column_text uncode_shortcode_id=&#8221;938692&#8243;]<b>Why We Love It<\/b> | Xema writes from Cai\u00f3n, on the Costa da Morte (Galicia)<br \/>\nHis passion for design and his concerns related to Galician Culture, diversity and sustainability are the spark that gave rise to the brand that Xema created in 2020 and called Bela Furtiva.<\/p>\n<p>It is more than furniture, it is craftsmanship and it is Atlantic. His inspiration comes from his family, the Atlantic landscape and his experience.<\/p>\n<p>Each piece is unique and has a story. Its design is durable and the materials are natural.<\/p>\n<p>His connection with Culture and nature make them even more special.<\/p>\n<p>Authentic Atlantic N\u00e9boa Style in each design. Atlantic pieces that will go far without losing their essence.<\/p>\n<p><strong>Where to find<\/strong> | <a href=\"http:\/\/www.belafurtiva.com\">www.belafurtiva.com<\/a><\/p>\n<p>All pictures are from Bela Furtiva[\/vc_column_text][\/vc_column][vc_column width=&#8221;1\/3&#8243;][vc_row_inner limit_content=&#8221;&#8221;][vc_column_inner width=&#8221;1\/1&#8243;][vc_column_text uncode_shortcode_id=&#8221;134591&#8243;]<em><span style=\"color: #999999;\"><strong>Why We Love It<\/strong>\u00a0|\u00a0Xema escribe desde Cai\u00f3n, na Costa da Morte (Galicia) <\/span><\/em><br \/>\n<em><span style=\"color: #999999;\">Su pasi\u00f3n por el dise\u00f1o y sus inquietudes relacionadas con la Cultura Gallega, la diversidad y la sostenibilidad son la chispa que hizo surgir la marca que Xema cre\u00f3 en 2020 y llam\u00f3 Bela Furtiva.<\/span><\/em><\/p>\n<p><em><span style=\"color: #999999;\">Es m\u00e1s que mobiliario, es artesan\u00eda y es Atl\u00e1ntico. Su inspiraci\u00f3n llega de su familia, del paisaje y de su experiencia.<\/span><\/em><\/p>\n<p><em><span style=\"color: #999999;\">Cada pieza es \u00fanica y tiene una historia. Su dise\u00f1o es perdurable y los materiales naturales. <\/span><\/em><\/p>\n<p><em><span style=\"color: #999999;\">Su conexi\u00f3n con la Cultura y la naturaleza los hacen a\u00fan m\u00e1s especiales. <\/span><\/em><br \/>\n<em><span style=\"color: #999999;\">Aut\u00e9ntico Estilo Atl\u00e1ntico N\u00e9boa en cada dise\u00f1o. Piezas Atl\u00e1nticas que llegar\u00e1n lejos sin perder su esencia.<\/span><\/em><\/p>\n<p><em><span style=\"color: #999999;\"><strong>Where to find<\/strong> |\u00a0<a href=\"https:\/\/belafurtiva.com\/\">www.belafurtiva.com<\/a>\/<\/span><\/em><\/p>\n<p><em><span style=\"color: #999999;\">All pictures are from Bela Furtiva<\/span><\/em>[\/vc_column_text][\/vc_column_inner][\/vc_row_inner][\/vc_column][\/vc_row][vc_row row_height_percent=&#8221;0&#8243; override_padding=&#8221;yes&#8221; h_padding=&#8221;2&#8243; top_padding=&#8221;2&#8243; bottom_padding=&#8221;0&#8243; overlay_alpha=&#8221;50&#8243; equal_height=&#8221;yes&#8221; gutter_size=&#8221;3&#8243; column_width_percent=&#8221;100&#8243; shift_y=&#8221;0&#8243; z_index=&#8221;0&#8243;][vc_column width=&#8221;1\/4&#8243;][vc_column_text uncode_shortcode_id=&#8221;102123&#8243;]<\/p>\n<hr \/>\n<h4 class=\"p1\">What is the history about your project?<\/h4>\n<p>Bela Furtiva was born in 2020, in the middle of COVID confinement, from an idea that had been spinning around in my head for many years and that was able to materialize at that moment thanks to the time that I suddenly had.<\/p>\n<p>Since 2008 I have run my own interior design studio Nanube and I always wanted to complete this activity with an offer of furniture from my own design catalog thanks to the experience we acquired in designing personalized furniture for each type of space.<\/p>\n<p>It also coincided in 2020 that I found myself at a turning point in my life, associated with a personal crisis, and the internal processes in which I found myself made me reconnect with the figure of my deceased paternal grandmother, trying to understand her.<\/p>\n<p>So naturally I came up with the idea of communicating with her through what I know how to do, her design, proposing to approach a collection of furniture like the ones I thought she would like if she were alive today. This is how our first collection was born: Fenta.<\/p>\n<p>Since my grandmother was born in Carballo, I was inspired there: by her own house, by the rationalist architecture, and also very intensely by her wild landscapes, such as Razo, an Atlantic enclave of immense beauty.<\/p>\n<p>And all of this would be imbued in the DNA of Bela Furtiva, which aims, in general terms, to pay tribute to all those women who dare to live by their own rules, breaking with stereotypes and social conventions that relegate them to the background.[\/vc_column_text][\/vc_column][vc_column column_width_percent=&#8221;100&#8243; gutter_size=&#8221;3&#8243; overlay_alpha=&#8221;50&#8243; shift_x=&#8221;0&#8243; shift_y=&#8221;0&#8243; shift_y_down=&#8221;0&#8243; z_index=&#8221;0&#8243; medium_width=&#8221;0&#8243; mobile_width=&#8221;0&#8243; width=&#8221;1\/4&#8243; uncode_shortcode_id=&#8221;517369&#8243;][vc_column_text uncode_shortcode_id=&#8221;848788&#8243;]<\/p>\n<hr \/>\n<h4><em><span style=\"color: #999999;\">\u00bfCu\u00e1l es la historia de tu proyecto?<\/span><\/em><\/h4>\n<p><em><span style=\"color: #999999;\">Bela Furtiva naci\u00f3 en 2020, en pleno confinamiento, de una idea que llevaba muchos a\u00f1os dando vueltas en mi cabeza y que pudo materializarse en ese momento gracias al tiempo que de repente tuve.<\/span><\/em><\/p>\n<p><em><span style=\"color: #999999;\">Desde 2008 dirijo mi propio estudio de interiorismo Nanube y siempre quise completar esta actividad con una oferta de mobiliario de cat\u00e1logo de dise\u00f1o propio gracias a la experiencia que fuimos adquiriendo en el dise\u00f1o de mobiliario personalizado para cada tipo de espacio.<\/span><\/em><\/p>\n<p><em><span style=\"color: #999999;\">Coincidi\u00f3 tambi\u00e9n en el a\u00f1o 2020 que me encontr\u00e9 en un punto de inflexi\u00f3n en mi vida, asociado a una crisis personal, y los procesos internos en los que me encontraba me hicieron reconectarme con la figura de mi abuela paterna ya fallecida, tratando de comprenderla.\u00a0<\/span><\/em><\/p>\n<p><em><span style=\"color: #999999;\">As\u00ed que naturalmente se me ocurri\u00f3 la idea de comunicarme con ella a trav\u00e9s de lo que s\u00e9 hacer, el dise\u00f1o, proponi\u00e9ndome abordar una colecci\u00f3n de muebles como los que pens\u00e9 que le gustar\u00edan a ella si viviera hoy. De esta forma naci\u00f3 nuestra primera colecci\u00f3n: Fenta.<\/span><\/em><\/p>\n<p><em><span style=\"color: #999999;\">Siendo mi abuela nacida en Carballo, me inspir\u00e9 en all\u00ed: en su propia casa, en la arquitectura racionalista, y tambi\u00e9n muy intensamente en sus paisajes salvajes, como el de Razo, un enclave atl\u00e1ntico de inmensa belleza.<\/span><\/em><\/p>\n<p><em><span style=\"color: #999999;\">Y todo ello estar\u00eda imbuido en el ADN de Bela Furtiva, que pretende, en t\u00e9rminos generales, rendir homenaje a todas aquellas mujeres que se atreven a vivir seg\u00fan sus propias reglas, rompiendo con estereotipos y convenciones sociales que las relegan a un segundo plano.<\/span><\/em>[\/vc_column_text][\/vc_column][vc_column column_width_percent=&#8221;100&#8243; gutter_size=&#8221;3&#8243; overlay_alpha=&#8221;50&#8243; shift_x=&#8221;0&#8243; shift_y=&#8221;0&#8243; shift_y_down=&#8221;0&#8243; z_index=&#8221;0&#8243; medium_width=&#8221;0&#8243; mobile_width=&#8221;0&#8243; width=&#8221;1\/2&#8243; el_class=&#8221;padding-top-texblock&#8221;][vc_single_image media=&#8221;77971&#8243; media_width_percent=&#8221;100&#8243; uncode_shortcode_id=&#8221;207509&#8243;][vc_single_image media=&#8221;77974&#8243; media_width_percent=&#8221;100&#8243; uncode_shortcode_id=&#8221;155291&#8243;][\/vc_column][\/vc_row][vc_row row_height_percent=&#8221;0&#8243; overlay_alpha=&#8221;50&#8243; equal_height=&#8221;yes&#8221; gutter_size=&#8221;3&#8243; column_width_percent=&#8221;100&#8243; shift_y=&#8221;0&#8243; z_index=&#8221;0&#8243;][vc_column column_width_percent=&#8221;100&#8243; position_vertical=&#8221;middle&#8221; gutter_size=&#8221;0&#8243; overlay_alpha=&#8221;50&#8243; shift_x=&#8221;0&#8243; shift_y=&#8221;0&#8243; shift_y_down=&#8221;0&#8243; z_index=&#8221;0&#8243; medium_width=&#8221;0&#8243; mobile_width=&#8221;0&#8243; width=&#8221;1\/2&#8243; uncode_shortcode_id=&#8221;897156&#8243;][vc_single_image media=&#8221;77980&#8243; media_width_percent=&#8221;100&#8243; uncode_shortcode_id=&#8221;139161&#8243;][vc_column_text uncode_shortcode_id=&#8221;101067&#8243;]<em><span style=\"color: #999999;\">Banco Noceda<\/span><\/em>[\/vc_column_text][\/vc_column][vc_column width=&#8221;1\/4&#8243;][vc_column_text uncode_shortcode_id=&#8221;158085&#8243;]<\/p>\n<hr \/>\n<h4>What&#8217;s your Background? What are your most important values?<\/h4>\n<p>I am an engineer, with a degree in design from the Polytechnic University of Catalonia, becoming interested in design from a very young age and creating my own career in this field from a time when the discipline was little known in Galicia and there was practically no training.<\/p>\n<p>About my values, I would cite three more importants for me that deeply move me:<\/p>\n<p>Galician culture, to understand it, give it shape and project a new perspective.<\/p>\n<p>Diversity in all its breadth, starting with the cause of women and encompassing, among other concerns, the overcoming of gender roles, sexual freedom and the integration of people with disabilities,<\/p>\n<p>Sustainability, as a way of being, thinking and acting that connects us with the nature that we are.[\/vc_column_text][\/vc_column][vc_column width=&#8221;1\/4&#8243;][vc_column_text uncode_shortcode_id=&#8221;139019&#8243;]<\/p>\n<hr \/>\n<h4><em><span style=\"color: #999999;\">\u00bfCu\u00e1l es tu background? \u00bfCu\u00e1les son los valores que te mueven?<\/span><\/em><\/h4>\n<p><em><span style=\"color: #999999;\">De formaci\u00f3n, soy ingeniera, licenciada en dise\u00f1o por la Universidad Polit\u00e9cnica de Catalu\u00f1a, interes\u00e1ndome por el dise\u00f1o desde muy joven y creando mi propia trayectoria en este campo desde una \u00e9poca en la que la disciplina era poco conocida en Galicia y no hab\u00eda pr\u00e1cticamente formaci\u00f3n<\/span><\/em><\/p>\n<p><em><span style=\"color: #999999;\">A nivel de valores, citar\u00eda tres grandes inquietudes que me conmueven profundamente:<\/span><\/em><\/p>\n<p><em><span style=\"color: #999999;\">La cultura gallega, con ganas de entenderla, darle forma y proyectar una nueva perspectiva.<\/span><\/em><\/p>\n<p><em><span style=\"color: #999999;\">La diversidad en toda su amplitud, empezando por la causa de las mujeres y abarcando, entre otras preocupaciones, la superaci\u00f3n de los roles de g\u00e9nero, la libertad sexual y la integraci\u00f3n de las personas con discapacidad,<\/span><\/em><\/p>\n<p><em><span style=\"color: #999999;\">La sostenibilidad, como una forma de ser, pensar y actuar que nos conecta con la naturaleza que somos.<\/span><\/em>[\/vc_column_text][\/vc_column][\/vc_row][vc_row row_height_percent=&#8221;0&#8243; overlay_alpha=&#8221;50&#8243; equal_height=&#8221;yes&#8221; gutter_size=&#8221;3&#8243; column_width_percent=&#8221;100&#8243; shift_y=&#8221;0&#8243; z_index=&#8221;0&#8243;][vc_column width=&#8221;1\/3&#8243;][vc_column_text uncode_shortcode_id=&#8221;167577&#8243;]<\/p>\n<h4>Why is the the artisanal process important for Bela Furtiva?<\/h4>\n<p>The artisanal process is the key for Bela Furtiva, because it allows us to put people at the center of everything we do.<\/p>\n<p>It is necessary to give full importance to the fact that products conceived through artisanal processes involve the soul of those who execute them and also touch the souls of the people who acquire them or interact with them.<\/p>\n<p>Craftsmanship allows, on the other hand, to integrate innovation and creativity with human relationships and more sustainable work rhythms, even with the complexity involved in achieving this in a society like ours.[\/vc_column_text][\/vc_column][vc_column column_width_percent=&#8221;100&#8243; gutter_size=&#8221;3&#8243; overlay_alpha=&#8221;50&#8243; shift_x=&#8221;0&#8243; shift_y=&#8221;0&#8243; shift_y_down=&#8221;0&#8243; z_index=&#8221;0&#8243; medium_width=&#8221;0&#8243; mobile_width=&#8221;0&#8243; width=&#8221;1\/3&#8243; uncode_shortcode_id=&#8221;199442&#8243;][vc_column_text uncode_shortcode_id=&#8221;135021&#8243;]<\/p>\n<h4 class=\"p1\"><em><span style=\"color: #999999;\">\u00bfPorqu\u00e9 es importante el proceso artesanal para Bela Furtiva? <\/span><\/em><\/h4>\n<p><em><span style=\"color: #999999;\">El proceso artesanal es clave para Bela Furtiva porque nos permite poner a las personas en el centro de todo lo que hacemos. <\/span><\/em><\/p>\n<p><em><span style=\"color: #999999;\">Es necesario darle total importancia a que los productos concebidos a trav\u00e9s de procesos artesanales involucran el alma de quien los ejecuta y tambi\u00e9n tocan el alma de las personas que los adquieren o interact\u00faan con ellos.<\/span><\/em><\/p>\n<p><em><span style=\"color: #999999;\">La artesan\u00eda permite, por otro lado, integrar la innovaci\u00f3n y la creatividad con las relaciones humanas y ritmos de trabajo m\u00e1s sostenibles, incluso con la complejidad que implica lograrlo en una sociedad como la nuestra.<\/span><\/em>[\/vc_column_text][\/vc_column][vc_column column_width_percent=&#8221;100&#8243; position_vertical=&#8221;middle&#8221; gutter_size=&#8221;0&#8243; overlay_alpha=&#8221;50&#8243; shift_x=&#8221;0&#8243; shift_y=&#8221;0&#8243; shift_y_down=&#8221;0&#8243; z_index=&#8221;0&#8243; medium_width=&#8221;0&#8243; mobile_width=&#8221;0&#8243; width=&#8221;1\/3&#8243; el_class=&#8221;padding-top-texblock&#8221; uncode_shortcode_id=&#8221;157375&#8243;][vc_single_image media=&#8221;77984&#8243; media_width_percent=&#8221;100&#8243; uncode_shortcode_id=&#8221;165045&#8243;][vc_column_text uncode_shortcode_id=&#8221;417913&#8243;]<span style=\"color: #999999;\"><em>Aymat Colection<\/em><\/span>[\/vc_column_text][\/vc_column][\/vc_row][vc_row row_height_percent=&#8221;0&#8243; overlay_alpha=&#8221;50&#8243; equal_height=&#8221;yes&#8221; gutter_size=&#8221;3&#8243; column_width_percent=&#8221;100&#8243; shift_y=&#8221;0&#8243; z_index=&#8221;0&#8243;][vc_column column_width_percent=&#8221;100&#8243; position_vertical=&#8221;middle&#8221; gutter_size=&#8221;3&#8243; overlay_alpha=&#8221;50&#8243; shift_x=&#8221;0&#8243; shift_y=&#8221;0&#8243; shift_y_down=&#8221;0&#8243; z_index=&#8221;0&#8243; medium_width=&#8221;0&#8243; mobile_width=&#8221;0&#8243; width=&#8221;1\/3&#8243; uncode_shortcode_id=&#8221;784259&#8243;][vc_single_image media=&#8221;77988&#8243; media_width_percent=&#8221;100&#8243; uncode_shortcode_id=&#8221;122190&#8243;][\/vc_column][vc_column column_width_percent=&#8221;100&#8243; position_vertical=&#8221;middle&#8221; gutter_size=&#8221;3&#8243; overlay_alpha=&#8221;50&#8243; shift_x=&#8221;0&#8243; shift_y=&#8221;0&#8243; shift_y_down=&#8221;0&#8243; z_index=&#8221;0&#8243; medium_width=&#8221;0&#8243; mobile_width=&#8221;0&#8243; width=&#8221;1\/3&#8243; el_class=&#8221;padding-top-texblock&#8221;][vc_column_text uncode_shortcode_id=&#8221;327471&#8243;]<\/p>\n<h4>What is Design for you?<\/h4>\n<p>For me, designing is about defining and planning how you are going to do something before you do it.<\/p>\n<p>As such, it is a very broad discipline that is not limited to the materialization of a product, for example, but increasingly focuses on intangible culture, the virtual, experiences and services.<\/p>\n<p>I understand design as the tool with which to achieve greater harmony between the expected and obtained results.<\/p>\n<p>I would highlight that aesthetics being an essential aspect of it, the relevance of many other factors cannot be overlooked: economic, technical, environmental, legal, cultural, psychological, emotional&#8230;<\/p>\n<p>Personally, the design that interests me the most is the one that converges with the world of art.[\/vc_column_text][\/vc_column][vc_column column_width_percent=&#8221;100&#8243; position_vertical=&#8221;middle&#8221; gutter_size=&#8221;3&#8243; overlay_alpha=&#8221;50&#8243; shift_x=&#8221;0&#8243; shift_y=&#8221;0&#8243; shift_y_down=&#8221;0&#8243; z_index=&#8221;0&#8243; medium_width=&#8221;0&#8243; mobile_width=&#8221;0&#8243; width=&#8221;1\/3&#8243; uncode_shortcode_id=&#8221;152911&#8243;][vc_column_text uncode_shortcode_id=&#8221;139290&#8243;]<\/p>\n<h4 class=\"p1\"><em><span style=\"color: #999999;\">Qu\u00e9 es el dise\u00f1o para ti? <\/span><\/em><\/h4>\n<p><em><span style=\"color: #999999;\">Para m\u00ed, dise\u00f1ar se trata de definir y planificar c\u00f3mo se va a hacer algo antes de hacerlo. <\/span><\/em><\/p>\n<p><em><span style=\"color: #999999;\">Como tal se trata de una disciplina muy amplia que no se limita a la materializaci\u00f3n de un producto, por ejemplo, sino que se centra cada vez m\u00e1s en la cultura inmaterial, lo virtual, las experiencias y los servicios.<\/span><\/em><\/p>\n<p><em><span style=\"color: #999999;\">Entiendo el dise\u00f1o como la herramienta con la que conseguir una mayor armon\u00eda entre los resultados esperados y los obtenidos. Destacar\u00eda que siendo la est\u00e9tica un aspecto esencial de la misma, no se puede pasar por alto la relevancia de muchos otros factores: econ\u00f3micos, t\u00e9cnicos, medioambientales, jur\u00eddicos, culturales, psicol\u00f3gicos, emocionales&#8230;<\/span><\/em><\/p>\n<p><em><span style=\"color: #999999;\">Personalmente el dise\u00f1o que m\u00e1s me interesa es el que converge con el mundo del arte.<\/span><\/em>[\/vc_column_text][\/vc_column][\/vc_row][vc_row row_height_percent=&#8221;0&#8243; overlay_alpha=&#8221;50&#8243; equal_height=&#8221;yes&#8221; gutter_size=&#8221;3&#8243; column_width_percent=&#8221;100&#8243; shift_y=&#8221;0&#8243; z_index=&#8221;0&#8243;][vc_column column_width_percent=&#8221;100&#8243; position_vertical=&#8221;bottom&#8221; gutter_size=&#8221;3&#8243; overlay_alpha=&#8221;50&#8243; shift_x=&#8221;0&#8243; shift_y=&#8221;0&#8243; shift_y_down=&#8221;0&#8243; z_index=&#8221;0&#8243; medium_width=&#8221;0&#8243; mobile_width=&#8221;0&#8243; width=&#8221;1\/4&#8243;][\/vc_column][vc_column column_width_percent=&#8221;100&#8243; gutter_size=&#8221;0&#8243; overlay_alpha=&#8221;50&#8243; shift_x=&#8221;0&#8243; shift_y=&#8221;0&#8243; shift_y_down=&#8221;0&#8243; z_index=&#8221;0&#8243; medium_width=&#8221;0&#8243; mobile_width=&#8221;0&#8243; width=&#8221;1\/2&#8243; uncode_shortcode_id=&#8221;964866&#8243;][vc_single_image media=&#8221;77996&#8243; media_width_percent=&#8221;100&#8243; uncode_shortcode_id=&#8221;177167&#8243;][vc_column_text uncode_shortcode_id=&#8221;175212&#8243;]<em><span style=\"color: #999999;\">Banco Naila<\/span><\/em>[\/vc_column_text][\/vc_column][vc_column width=&#8221;1\/4&#8243;][\/vc_column][\/vc_row][vc_row row_height_percent=&#8221;0&#8243; overlay_alpha=&#8221;50&#8243; equal_height=&#8221;yes&#8221; gutter_size=&#8221;3&#8243; column_width_percent=&#8221;100&#8243; shift_y=&#8221;0&#8243; z_index=&#8221;0&#8243;][vc_column column_width_percent=&#8221;100&#8243; gutter_size=&#8221;3&#8243; overlay_alpha=&#8221;50&#8243; shift_x=&#8221;0&#8243; shift_y=&#8221;0&#8243; shift_y_down=&#8221;0&#8243; z_index=&#8221;0&#8243; medium_width=&#8221;0&#8243; mobile_width=&#8221;0&#8243; width=&#8221;1\/4&#8243; uncode_shortcode_id=&#8221;464617&#8243;][vc_column_text uncode_shortcode_id=&#8221;259564&#8243;]<\/p>\n<h4>How important is the Sustainability concept for you?<\/h4>\n<p>Sustainability is vital for me.<\/p>\n<p>I consider it a path that leads us to reconnect with nature and as such, I do not see it as an effort or a sacrifice, but as a privilege.<\/p>\n<p>Furthermore, I find it very interesting and creative to look for more sustainable ways to face vital challenges that result in a reduction in energy impact, waste creation or environmental pollution, for example.<\/p>\n<p>But if at any point I feel especially linked to the challenge of sustainability, it is because I consider that it involves recovering certain traditional ways of thinking that are very present in Galician culture.<\/p>\n<p>If we look at our most deeply rooted rural areas, there is no waste, everything is saved and reused, and anything can be given a new use, combining it or not with other elements in an absolutely genuine way.[\/vc_column_text][\/vc_column][vc_column column_width_percent=&#8221;100&#8243; position_vertical=&#8221;middle&#8221; gutter_size=&#8221;3&#8243; overlay_alpha=&#8221;50&#8243; shift_x=&#8221;0&#8243; shift_y=&#8221;0&#8243; shift_y_down=&#8221;0&#8243; z_index=&#8221;0&#8243; medium_width=&#8221;0&#8243; mobile_width=&#8221;0&#8243; width=&#8221;1\/4&#8243; el_class=&#8221;padding-top-texblock&#8221;][vc_column_text uncode_shortcode_id=&#8221;158132&#8243;]<\/p>\n<h4 class=\"p1\"><em><span style=\"color: #999999;\">Qu\u00e9 importancia tiene para ti la sostenbilidad? <\/span><\/em><\/h4>\n<p><em><span style=\"color: #999999;\">La sostenibilidad es vital para m\u00ed.<\/span><\/em><\/p>\n<p><em><span style=\"color: #999999;\">Lo considero un camino que nos lleva a reconectarnos con la naturaleza y como tal, no lo veo como un esfuerzo ni un sacrificio, sino como un privilegio.<\/span><\/em><\/p>\n<p><em><span style=\"color: #999999;\">Adem\u00e1s, me parece muy interesante y creativo buscar formas m\u00e1s sostenibles de afrontar retos vitales que redunden en una reducci\u00f3n del impacto energ\u00e9tico, de la creaci\u00f3n de residuos o de la contaminaci\u00f3n ambiental, por ejemplo.<\/span><\/em><\/p>\n<p><span style=\"color: #999999;\"><em>Pero si en alg\u00fan punto me siento especialmente vinculada al reto de la sostenibilidad es porque considero que \u00e9ste pasa por recuperar ciertas formas de pensar tradicionales muy presentes en la cultura gallega. <\/em><\/span><\/p>\n<p><em><span style=\"color: #999999;\">Si nos fijamos en nuestro rural m\u00e1s arraigado, all\u00ed no existe desperdicio, todo se guarda y se reutiliza, y a cualquier cosa se le puede dar un nuevo uso combin\u00e1ndolo o no con otros elementos de forma absolutamente genuina.<\/span><\/em>[\/vc_column_text][\/vc_column][vc_column column_width_percent=&#8221;100&#8243; gutter_size=&#8221;0&#8243; overlay_alpha=&#8221;50&#8243; shift_x=&#8221;0&#8243; shift_y=&#8221;0&#8243; shift_y_down=&#8221;0&#8243; z_index=&#8221;0&#8243; medium_width=&#8221;0&#8243; mobile_width=&#8221;0&#8243; width=&#8221;1\/2&#8243; uncode_shortcode_id=&#8221;782497&#8243;][vc_single_image media=&#8221;78001&#8243; media_width_percent=&#8221;100&#8243; uncode_shortcode_id=&#8221;662244&#8243;][vc_column_text uncode_shortcode_id=&#8221;126657&#8243;]<span style=\"color: #999999;\"><em>Luminaria Queiroa<\/em><\/span>[\/vc_column_text][\/vc_column][\/vc_row][vc_row row_height_percent=&#8221;0&#8243; overlay_alpha=&#8221;50&#8243; equal_height=&#8221;yes&#8221; gutter_size=&#8221;3&#8243; column_width_percent=&#8221;100&#8243; shift_y=&#8221;0&#8243; z_index=&#8221;0&#8243;][vc_column column_width_percent=&#8221;100&#8243; gutter_size=&#8221;3&#8243; overlay_alpha=&#8221;50&#8243; shift_x=&#8221;0&#8243; shift_y=&#8221;0&#8243; shift_y_down=&#8221;0&#8243; z_index=&#8221;0&#8243; medium_width=&#8221;0&#8243; mobile_width=&#8221;0&#8243; width=&#8221;1\/3&#8243; uncode_shortcode_id=&#8221;193664&#8243;][vc_single_image media=&#8221;78005&#8243; media_width_percent=&#8221;100&#8243; uncode_shortcode_id=&#8221;679643&#8243;][\/vc_column][vc_column column_width_percent=&#8221;100&#8243; position_vertical=&#8221;middle&#8221; gutter_size=&#8221;3&#8243; overlay_alpha=&#8221;50&#8243; shift_x=&#8221;0&#8243; shift_y=&#8221;0&#8243; shift_y_down=&#8221;0&#8243; z_index=&#8221;0&#8243; medium_width=&#8221;0&#8243; mobile_width=&#8221;0&#8243; width=&#8221;1\/3&#8243; el_class=&#8221;padding-top-texblock&#8221;][vc_single_image media=&#8221;78006&#8243; media_width_percent=&#8221;100&#8243; uncode_shortcode_id=&#8221;859010&#8243;][\/vc_column][vc_column column_width_percent=&#8221;100&#8243; gutter_size=&#8221;0&#8243; overlay_alpha=&#8221;50&#8243; shift_x=&#8221;0&#8243; shift_y=&#8221;0&#8243; shift_y_down=&#8221;0&#8243; z_index=&#8221;0&#8243; medium_width=&#8221;0&#8243; mobile_width=&#8221;0&#8243; width=&#8221;1\/3&#8243; uncode_shortcode_id=&#8221;201554&#8243;][vc_single_image media=&#8221;78008&#8243; media_width_percent=&#8221;100&#8243; uncode_shortcode_id=&#8221;520726&#8243;][\/vc_column][\/vc_row][vc_row row_height_percent=&#8221;0&#8243; overlay_alpha=&#8221;50&#8243; equal_height=&#8221;yes&#8221; gutter_size=&#8221;3&#8243; column_width_percent=&#8221;100&#8243; shift_y=&#8221;0&#8243; z_index=&#8221;0&#8243;][vc_column column_width_percent=&#8221;100&#8243; gutter_size=&#8221;0&#8243; overlay_alpha=&#8221;50&#8243; shift_x=&#8221;0&#8243; shift_y=&#8221;0&#8243; shift_y_down=&#8221;0&#8243; z_index=&#8221;0&#8243; medium_width=&#8221;0&#8243; mobile_width=&#8221;0&#8243; width=&#8221;1\/2&#8243; uncode_shortcode_id=&#8221;152085&#8243;][vc_single_image media=&#8221;78013&#8243; media_width_percent=&#8221;100&#8243; uncode_shortcode_id=&#8221;404719&#8243;][vc_column_text uncode_shortcode_id=&#8221;600208&#8243;]<em><span style=\"color: #999999;\">Mesa Cosima &amp; Banco Xara<\/span><\/em>[\/vc_column_text][\/vc_column][vc_column column_width_percent=&#8221;100&#8243; gutter_size=&#8221;3&#8243; overlay_alpha=&#8221;50&#8243; shift_x=&#8221;0&#8243; shift_y=&#8221;0&#8243; shift_y_down=&#8221;0&#8243; z_index=&#8221;0&#8243; medium_width=&#8221;0&#8243; mobile_width=&#8221;0&#8243; width=&#8221;1\/4&#8243; uncode_shortcode_id=&#8221;716470&#8243;][vc_column_text uncode_shortcode_id=&#8221;171788&#8243;]<\/p>\n<h4 class=\"p1\">Where does your inspiration come from and how does Atlantic Culture influence you?<\/h4>\n<p>I have three main sources of inspiration that constantly impact in my work: Galician culture, focusing right now on research into the rural world, contemporary art, because it invites an open mind and a questioning of paradigms and fashion, which transports me and invites me to dream.<\/p>\n<p>I live the Atlantic culture from the Galician culture and, as this is so important in my work, obviously the Atlantic culture becomes something crucial for me, meaning a desire for relationship and interconnection with other territories with which we are united through an immense and exciting ocean.<\/p>\n<p>Because I lived a period of my life in Catalonia, I contrasted the green Mediterranean with the intense blue of the Atlantic, the stillness of a sea with the brave and tides of an ocean, and the certainties of a homogeneous climate with the unpredictability of a climate that promotes &#8220;Morri\u00f1a&#8221; or &#8220;A Saudade&#8221; (homesick)<\/p>\n<p>And all this with the vital implications that it entails.[\/vc_column_text][\/vc_column][vc_column column_width_percent=&#8221;100&#8243; gutter_size=&#8221;3&#8243; overlay_alpha=&#8221;50&#8243; shift_x=&#8221;0&#8243; shift_y=&#8221;0&#8243; shift_y_down=&#8221;0&#8243; z_index=&#8221;0&#8243; medium_width=&#8221;0&#8243; mobile_width=&#8221;0&#8243; width=&#8221;1\/4&#8243; el_class=&#8221;padding-top-texblock&#8221; uncode_shortcode_id=&#8221;174175&#8243;][vc_column_text uncode_shortcode_id=&#8221;130579&#8243;]<\/p>\n<h4 class=\"p1\"><em><span style=\"color: #999999;\">\u00bfDe d\u00f3nde viene tu inspiraci\u00f3n y c\u00f3mo influye en ti la Cultura Atl\u00e1ntica?<\/span><\/em><\/h4>\n<p><em><span style=\"color: #999999;\">Tengo tres principales fuentes de inspiraci\u00f3n que impactan constantemente en mi trabajo: la cultura gallega, centr\u00e1ndome ahora mismo en una investigaci\u00f3n en torno al mundo rural, el arte contempor\u00e1neo, porque invita a una apertura mental y a un cuestionamiento de paradigmas, y la moda, que me transporta y me invita a so\u00f1ar.<\/span><\/em><\/p>\n<p><em><span style=\"color: #999999;\">Vivo la cultura atl\u00e1ntica desde la cultura gallega y, como esto es tan importante en mi trabajo, obviamente la cultura atl\u00e1ntica se convierte para m\u00ed en algo crucial, significando un deseo de relaci\u00f3n e interconexi\u00f3n con otros territorios con los que estamos unidos a trav\u00e9s de un inmenso y emocionante oc\u00e9ano.<\/span><\/em><\/p>\n<p><em><span style=\"color: #999999;\">Debido a que viv\u00ed una etapa de mi vida en Catalu\u00f1a, contrapongo el verde Mediterr\u00e1neo al azul intenso del Atl\u00e1ntico, la quietud de un mar, con la bravura y mareas de un oc\u00e9ano, y las certezas de un clima homog\u00e9neo con la imprevisibilidad de un clima que promueve la &#8220;Morri\u00f1a&#8221; o &#8220;A Saudade&#8221;.<\/span><\/em><\/p>\n<p><em><span style=\"color: #999999;\">Y todo ello con las implicaciones vitales que conlleva.<\/span><\/em>[\/vc_column_text][\/vc_column][\/vc_row][vc_row row_height_percent=&#8221;0&#8243; overlay_alpha=&#8221;50&#8243; equal_height=&#8221;yes&#8221; gutter_size=&#8221;3&#8243; column_width_percent=&#8221;100&#8243; shift_y=&#8221;0&#8243; z_index=&#8221;0&#8243;][vc_column column_width_percent=&#8221;100&#8243; gutter_size=&#8221;3&#8243; overlay_alpha=&#8221;50&#8243; shift_x=&#8221;0&#8243; shift_y=&#8221;0&#8243; shift_y_down=&#8221;0&#8243; z_index=&#8221;0&#8243; medium_width=&#8221;0&#8243; mobile_width=&#8221;0&#8243; width=&#8221;1\/4&#8243; uncode_shortcode_id=&#8221;716470&#8243;][vc_column_text uncode_shortcode_id=&#8221;204239&#8243;]<\/p>\n<h4 class=\"p1\">What&#8217;s the Atlantic Style for you? And do you recommend any place of the Atlantic Coast that you love and inspire you?<\/h4>\n<p>The Atlantic style is a very attractive imagery in which nature and the landscapes that surround the sea take on a special role.<\/p>\n<p>Consequently, as a possible lifestyle, for me it would be characterized by being closely linked to nature, even extrapolating to naturalness as an aspect of personality and the acceptance of the wisdom of the natural flow of life, with a component of strength, passion and courage.<\/p>\n<p>The Galician Atlantic coast is full of magical corners and as a whole I find it very inspiring.<\/p>\n<p>Linked to the Bela Furtiva project, the most important reference for us: The natural spaces of Razo and Baldaio.[\/vc_column_text][\/vc_column][vc_column column_width_percent=&#8221;100&#8243; gutter_size=&#8221;3&#8243; overlay_alpha=&#8221;50&#8243; shift_x=&#8221;0&#8243; shift_y=&#8221;0&#8243; shift_y_down=&#8221;0&#8243; z_index=&#8221;0&#8243; medium_width=&#8221;0&#8243; mobile_width=&#8221;0&#8243; width=&#8221;1\/4&#8243; el_class=&#8221;padding-top-texblock&#8221; uncode_shortcode_id=&#8221;174175&#8243;][vc_column_text uncode_shortcode_id=&#8221;814491&#8243;]<\/p>\n<h4 class=\"p1\"><em><span style=\"color: #999999;\">\u00bfQu\u00e9 es para ti el Estilo Atl\u00e1ntico? \u00bfNos recomiendas alg\u00fan rinc\u00f3n de la Costa Atl\u00e1ntica que te encante y te inspire?<\/span><\/em><\/h4>\n<p><em><span style=\"color: #999999;\">El estilo atl\u00e1ntico es un imaginario muy atractivo en el que la naturaleza y los paisajes que rodean ese mar cobran un especial protagonismo.<\/span><\/em><\/p>\n<p><em><span style=\"color: #999999;\">En consecuencia, como posible estilo de vida, para m\u00ed se caracterizar\u00eda por estar muy ligado a la naturaleza, extrapolandose incluso a la naturalidad como aspecto de la personalidad y a la aceptaci\u00f3n de la sabidur\u00eda del fluir natural de la vida, con un componente de fuerza, pasi\u00f3n y coraje.<\/span><\/em><\/p>\n<p><em><span style=\"color: #999999;\">La costa atl\u00e1ntica gallega est\u00e1 llena de rincones m\u00e1gicos y en su conjunto me resulta muy inspiradora.<\/span><\/em><\/p>\n<p><em><span style=\"color: #999999;\">Vinculado al proyecto Bela Furtiva, el referente m\u00e1s importante que tenemos son los espacios naturales de Razo y Baldaio.<\/span><\/em>[\/vc_column_text][\/vc_column][vc_column column_width_percent=&#8221;100&#8243; gutter_size=&#8221;0&#8243; overlay_alpha=&#8221;50&#8243; shift_x=&#8221;0&#8243; shift_y=&#8221;0&#8243; shift_y_down=&#8221;0&#8243; z_index=&#8221;0&#8243; medium_width=&#8221;0&#8243; mobile_width=&#8221;0&#8243; width=&#8221;1\/2&#8243; uncode_shortcode_id=&#8221;152085&#8243;][vc_single_image media=&#8221;78016&#8243; media_width_percent=&#8221;100&#8243; uncode_shortcode_id=&#8221;591015&#8243;][\/vc_column][\/vc_row][vc_row row_height_percent=&#8221;0&#8243; overlay_alpha=&#8221;50&#8243; equal_height=&#8221;yes&#8221; gutter_size=&#8221;3&#8243; column_width_percent=&#8221;100&#8243; shift_y=&#8221;0&#8243; z_index=&#8221;0&#8243;][vc_column column_width_percent=&#8221;100&#8243; gutter_size=&#8221;3&#8243; overlay_alpha=&#8221;50&#8243; shift_x=&#8221;0&#8243; shift_y=&#8221;0&#8243; shift_y_down=&#8221;0&#8243; z_index=&#8221;0&#8243; medium_width=&#8221;0&#8243; mobile_width=&#8221;0&#8243; width=&#8221;1\/2&#8243; uncode_shortcode_id=&#8221;164470&#8243;][vc_single_image media=&#8221;78020&#8243; media_width_percent=&#8221;100&#8243; uncode_shortcode_id=&#8221;217833&#8243;][\/vc_column][vc_column column_width_percent=&#8221;100&#8243; position_vertical=&#8221;middle&#8221; gutter_size=&#8221;3&#8243; overlay_alpha=&#8221;50&#8243; shift_x=&#8221;0&#8243; shift_y=&#8221;0&#8243; shift_y_down=&#8221;0&#8243; z_index=&#8221;0&#8243; medium_width=&#8221;0&#8243; mobile_width=&#8221;0&#8243; width=&#8221;1\/4&#8243; el_class=&#8221;padding-top-texblock&#8221;][vc_column_text uncode_shortcode_id=&#8221;318692&#8243;]<\/p>\n<h4>And finally and to close, which piece created with Bela Furtiva is your favorite and what are your next steps?<\/h4>\n<p>Bela Furtiva emerged at a time when I designed pieces with a certain naturalness, in a very fluid and organic way.<\/p>\n<p>I can&#8217;t talk about favorites, because they are all creating stories that make a lot of sense to me and that I think can make sense to the public.<\/p>\n<p>In any case, the piece that I like the most in general is the Xara bench.<\/p>\n<p>Experience tells us that there is something about it that immediately attracts attention, even with its apparent simplicity.<\/p>\n<p>The future plan is to take Bela Furtiva abroad, internationalize it, but we are still beginning to make ourselves known and each step has its moment.<\/p>\n<p>In the shortest term we want to stand out as a reference for designer furniture and ambassadors of Galician culture in the Iberian Peninsula.[\/vc_column_text][\/vc_column][vc_column width=&#8221;1\/4&#8243;][vc_column_text uncode_shortcode_id=&#8221;167961&#8243;]<\/p>\n<h4><span style=\"color: #999999;\"><em>Y por \u00faltimo y para cerrar, \u00bfQu\u00e9 pieza creada con Bela Furtiva es tu favorita y cu\u00e1les son tus pr\u00f3ximos pasos?<\/em><\/span><\/h4>\n<p><span style=\"color: #999999;\"><em>Bela Furtiva surge en un momento en el que dise\u00f1o las piezas con cierta naturalidad, de forma muy fluida y org\u00e1nica.<\/em><\/span><\/p>\n<p><span style=\"color: #999999;\"><em>No puedo hablar de favoritos, porque todas ellas van cosiendo historias que tienen mucho sentido para m\u00ed y que creo que pueden tenerlo para el p\u00fablico.<\/em><\/span><\/p>\n<p><span style=\"color: #999999;\"><em>En cualquier caso, la pieza que m\u00e1s gusta en general es el banco Xara.<\/em><\/span><\/p>\n<p><span style=\"color: #999999;\"><em>La experiencia nos dice que hay algo en \u00e9l que llama inmediatamente la atenci\u00f3n, incluso con su aparente sencillez.<\/em><\/span><\/p>\n<p><span style=\"color: #999999;\"><em>El plan de futuro es llevar Bela Furtiva al extranjero, internacionalizarla, pero a\u00fan estamos empezando a darnos a conocer y cada paso tiene su momento<\/em><\/span><\/p>\n<p><span style=\"color: #999999;\"><em>En el m\u00e1s corto plazo queremos destacar como un referente del mueble de dise\u00f1o y como embajadores de la cultura gallega en la Pen\u00ednsula Ib\u00e9rica.<\/em><\/span>[\/vc_column_text][\/vc_column][\/vc_row][vc_row unlock_row_content=&#8221;yes&#8221; row_height_percent=&#8221;0&#8243; override_padding=&#8221;yes&#8221; h_padding=&#8221;5&#8243; top_padding=&#8221;3&#8243; bottom_padding=&#8221;2&#8243; overlay_alpha=&#8221;50&#8243; equal_height=&#8221;yes&#8221; gutter_size=&#8221;3&#8243; column_width_percent=&#8221;100&#8243; shift_y=&#8221;0&#8243; z_index=&#8221;0&#8243;][vc_column column_width_percent=&#8221;100&#8243; position_vertical=&#8221;bottom&#8221; gutter_size=&#8221;0&#8243; back_color=&#8221;accent&#8221; overlay_alpha=&#8221;50&#8243; shift_x=&#8221;0&#8243; shift_y=&#8221;0&#8243; shift_y_down=&#8221;0&#8243; z_index=&#8221;0&#8243; medium_width=&#8221;0&#8243; mobile_width=&#8221;0&#8243; width=&#8221;1\/4&#8243; uncode_shortcode_id=&#8221;121670&#8243; back_color_type=&#8221;uncode-palette&#8221;][\/vc_column][vc_column column_width_percent=&#8221;100&#8243; gutter_size=&#8221;0&#8243; overlay_alpha=&#8221;50&#8243; shift_x=&#8221;0&#8243; shift_y=&#8221;0&#8243; shift_y_down=&#8221;0&#8243; z_index=&#8221;0&#8243; medium_width=&#8221;0&#8243; mobile_width=&#8221;0&#8243; width=&#8221;1\/2&#8243; uncode_shortcode_id=&#8221;506756&#8243;][vc_single_image media=&#8221;78022&#8243; media_width_percent=&#8221;100&#8243; uncode_shortcode_id=&#8221;211891&#8243;][vc_column_text uncode_shortcode_id=&#8221;109785&#8243;]<span style=\"color: #999999;\"><em>Banco Xara<\/em><\/span>[\/vc_column_text][\/vc_column][vc_column width=&#8221;1\/4&#8243;][\/vc_column][\/vc_row][vc_row row_height_percent=&#8221;0&#8243; override_padding=&#8221;yes&#8221; h_padding=&#8221;2&#8243; top_padding=&#8221;3&#8243; bottom_padding=&#8221;3&#8243; overlay_alpha=&#8221;50&#8243; equal_height=&#8221;yes&#8221; gutter_size=&#8221;3&#8243; column_width_percent=&#8221;100&#8243; shift_y=&#8221;0&#8243; z_index=&#8221;0&#8243;][vc_column column_width_percent=&#8221;100&#8243; position_vertical=&#8221;bottom&#8221; gutter_size=&#8221;2&#8243; overlay_alpha=&#8221;50&#8243; shift_x=&#8221;0&#8243; shift_y=&#8221;0&#8243; shift_y_down=&#8221;0&#8243; z_index=&#8221;0&#8243; medium_width=&#8221;0&#8243; mobile_width=&#8221;0&#8243; width=&#8221;1\/4&#8243;][\/vc_column][vc_column column_width_percent=&#8221;100&#8243; position_vertical=&#8221;middle&#8221; align_horizontal=&#8221;align_center&#8221; gutter_size=&#8221;2&#8243; overlay_alpha=&#8221;50&#8243; shift_x=&#8221;0&#8243; shift_y=&#8221;0&#8243; shift_y_down=&#8221;0&#8243; z_index=&#8221;0&#8243; medium_width=&#8221;0&#8243; mobile_width=&#8221;0&#8243; width=&#8221;1\/2&#8243; el_class=&#8221;padding-top-texblock&#8221;][vc_column_text]<\/p>\n<hr \/>\n<h2><span class=\"font-202503\">Sharing Atlantic Culture<\/span><\/h2>\n<p>[\/vc_column_text][uncode_share layout=&#8221;multiple&#8221;][\/vc_column][vc_column width=&#8221;1\/4&#8243;][\/vc_column][\/vc_row][vc_row row_height_percent=&#8221;0&#8243; override_padding=&#8221;yes&#8221; h_padding=&#8221;2&#8243; top_padding=&#8221;2&#8243; bottom_padding=&#8221;2&#8243; overlay_alpha=&#8221;50&#8243; equal_height=&#8221;yes&#8221; gutter_size=&#8221;3&#8243; column_width_percent=&#8221;100&#8243; shift_y=&#8221;0&#8243; z_index=&#8221;0&#8243;][vc_column column_width_percent=&#8221;100&#8243; position_vertical=&#8221;bottom&#8221; gutter_size=&#8221;2&#8243; overlay_alpha=&#8221;50&#8243; shift_x=&#8221;0&#8243; shift_y=&#8221;0&#8243; shift_y_down=&#8221;0&#8243; z_index=&#8221;0&#8243; medium_width=&#8221;0&#8243; mobile_width=&#8221;0&#8243; width=&#8221;1\/4&#8243;][\/vc_column][vc_column column_width_percent=&#8221;100&#8243; position_vertical=&#8221;middle&#8221; align_horizontal=&#8221;align_center&#8221; gutter_size=&#8221;2&#8243; overlay_alpha=&#8221;50&#8243; shift_x=&#8221;0&#8243; shift_y=&#8221;0&#8243; shift_y_down=&#8221;0&#8243; z_index=&#8221;0&#8243; medium_width=&#8221;0&#8243; mobile_width=&#8221;0&#8243; width=&#8221;1\/2&#8243; el_class=&#8221;padding-top-texblock&#8221;][vc_column_text]<\/p>\n<hr \/>\n<h1><span class=\"font-202503\">Be a N\u00e9boa Member<\/span><\/h1>\n<div class=\"tlid-input input\">\n<div class=\"source-wrap\">\n<div class=\"input-full-height-wrapper tlid-input-full-height-wrapper\">\n<div class=\"source-input\">\n<div class=\"source-footer-wrap source-or-target-footer\">\n<div class=\"source-footer\">\n<div class=\"speech-wrap source-or-target-footer-button left-positioned\">\n<p tabindex=\"0\" role=\"button\" aria-label=\"Activar la entrada de voz\" data-tooltip-align=\"t,c\" aria-pressed=\"false\" aria-disabled=\"false\" data-tooltip=\"Activar la entrada de voz\">The Atlantic style is the main inspiration guide of our brand.<\/p>\n<p class=\"p1\"><span class=\"s1\">Join a movement of people seeking more than just great accommodation or unique brands.<\/span><\/p>\n<p class=\"p1\"><span class=\"s1\">Discover stories about art, architecture, design, Atlantic Style movement and enjoy exclusives benefits.<\/span><\/p>\n<\/div>\n<\/div>\n<\/div>\n<\/div>\n<\/div>\n<\/div>\n<\/div>\n<p>[\/vc_column_text][vc_button border_width=&#8221;0&#8243; link=&#8221;url:https%3A%2F%2Fneboaconcept.us18.list-manage.com%2Fsubscribe%2Fpost%3Fu%3De75020566389d5e98dac1a317%26id%3D6ad3f6554d|||&#8221;]Enjoy the benefits[\/vc_button][\/vc_column][vc_column width=&#8221;1\/4&#8243;][\/vc_column][\/vc_row][vc_row row_height_percent=&#8221;0&#8243; overlay_alpha=&#8221;50&#8243; gutter_size=&#8221;3&#8243; column_width_percent=&#8221;100&#8243; shift_y=&#8221;0&#8243; z_index=&#8221;0&#8243;][vc_column column_width_percent=&#8221;100&#8243; gutter_size=&#8221;3&#8243; overlay_alpha=&#8221;50&#8243; shift_x=&#8221;0&#8243; shift_y=&#8221;0&#8243; shift_y_down=&#8221;0&#8243; z_index=&#8221;0&#8243; medium_width=&#8221;0&#8243; mobile_visibility=&#8221;yes&#8221; mobile_width=&#8221;0&#8243; width=&#8221;1\/2&#8243;][vc_row_inner limit_content=&#8221;&#8221;][vc_column_inner column_width_percent=&#8221;100&#8243; position_vertical=&#8221;middle&#8221; gutter_size=&#8221;3&#8243; override_padding=&#8221;yes&#8221; column_padding=&#8221;0&#8243; back_color=&#8221;color-jevc&#8221; overlay_alpha=&#8221;50&#8243; shift_x=&#8221;0&#8243; shift_y=&#8221;0&#8243; shift_y_down=&#8221;0&#8243; z_index=&#8221;0&#8243; medium_width=&#8221;0&#8243; mobile_width=&#8221;0&#8243; width=&#8221;1\/1&#8243; css=&#8221;.vc_custom_1536575000013{padding-top: 9px !important;padding-right: 9px !important;padding-bottom: 9px !important;padding-left: 9px !important;}&#8221;][vc_custom_heading text_color=&#8221;color-xsdn&#8221; text_size=&#8221;h4&#8243; text_weight=&#8221;300&#8243;]Popular posts[\/vc_custom_heading][\/vc_column_inner][\/vc_row_inner][\/vc_column][vc_column width=&#8221;1\/2&#8243;][vc_row_inner row_inner_height_percent=&#8221;0&#8243; force_width_grid=&#8221;yes&#8221; back_color=&#8221;color-jevc&#8221; overlay_alpha=&#8221;50&#8243; gutter_size=&#8221;1&#8243; shift_y=&#8221;0&#8243; z_index=&#8221;0&#8243; row_height_pixel=&#8221;80&#8243; limit_content=&#8221;&#8221;][vc_column_inner column_width_percent=&#8221;100&#8243; position_vertical=&#8221;middle&#8221; align_horizontal=&#8221;align_center&#8221; gutter_size=&#8221;3&#8243; style=&#8221;dark&#8221; overlay_alpha=&#8221;50&#8243; shift_x=&#8221;0&#8243; shift_y=&#8221;0&#8243; shift_y_down=&#8221;0&#8243; z_index=&#8221;0&#8243; medium_width=&#8221;0&#8243; mobile_width=&#8221;5&#8243; width=&#8221;1\/2&#8243; css=&#8221;.vc_custom_1534862019764{padding-top: 5px !important;padding-left: 5px !important;}&#8221;][uncode_share layout=&#8221;multiple&#8221;][\/vc_column_inner][vc_column_inner column_width_percent=&#8221;100&#8243; position_vertical=&#8221;middle&#8221; align_horizontal=&#8221;align_center&#8221; gutter_size=&#8221;3&#8243; overlay_alpha=&#8221;50&#8243; shift_x=&#8221;0&#8243; shift_y=&#8221;0&#8243; shift_y_down=&#8221;0&#8243; z_index=&#8221;0&#8243; medium_width=&#8221;0&#8243; mobile_width=&#8221;2&#8243; width=&#8221;1\/2&#8243;][vc_raw_html]JTNDJTIxLS0lMjBMaWtlQnRuLmNvbSUyMEJFR0lOJTIwLS0lM0UlMEElM0NzcGFuJTIwY2xhc3MlM0QlMjJsaWtlYnRuLXdyYXBwZXIlMjIlMjBkYXRhLXRoZW1lJTNEJTIyY3VzdG9tJTIyJTIwZGF0YS1idG5fc2l6ZSUzRCUyMjQxJTIyJTIwZGF0YS1mX3NpemUlM0QlMjIxNyUyMiUyMGRhdGEtaWNvbl9zaXplJTNEJTIyMjYlMjIlMjBkYXRhLWljb25fbCUzRCUyMmhydDglMjIlMjBkYXRhLWljb25fbF9jJTNEJTIyJTIzZmZmZmZmJTIyJTIwZGF0YS1pY29uX2xfY192JTNEJTIyJTIzZWIxODE4JTIyJTIwZGF0YS1pY29uX2RfY192JTNEJTIyJTIzZWIxODE4JTIyJTIwZGF0YS1sYWJlbF9jJTNEJTIyJTIzZmZmZmZmJTIyJTIwZGF0YS1sYWJlbF9jX3YlM0QlMjIlMjNlYjE4MTglMjIlMjBkYXRhLWNvdW50ZXJfbF9jJTNEJTIyJTIzZmZmZmZmJTIyJTIwZGF0YS1iZ19jJTNEJTIyJTIzM2IzYjNiJTIyJTIwZGF0YS1icmRyX2MlM0QlMjIlMjMzYjNiM2IlMjIlMjBkYXRhLWxhYmVsX2ZzJTNEJTIyciUyMiUyMGRhdGEtaWRlbnRpZmllciUzRCUyMml0ZW1fMSUyMiUyMGRhdGEtZGlzbGlrZV9lbmFibGVkJTNEJTIyZmFsc2UlMjIlMjBkYXRhLWljb25fZGlzbGlrZV9zaG93JTNEJTIyZmFsc2UlMjIlM0UlM0MlMkZzcGFuJTNFJTBBJTNDc2NyaXB0JTNFJTI4ZnVuY3Rpb24lMjhkJTJDZSUyQ3MlMjklN0JpZiUyOGQuZ2V0RWxlbWVudEJ5SWQlMjglMjJsaWtlYnRuX3dqcyUyMiUyOSUyOXJldHVybiUzQmElM0RkLmNyZWF0ZUVsZW1lbnQlMjhlJTI5JTNCbSUzRGQuZ2V0RWxlbWVudHNCeVRhZ05hbWUlMjhlJTI5JTVCMCU1RCUzQmEuYXN5bmMlM0QxJTNCYS5pZCUzRCUyMmxpa2VidG5fd2pzJTIyJTNCYS5zcmMlM0RzJTNCbS5wYXJlbnROb2RlLmluc2VydEJlZm9yZSUyOGElMkMlMjBtJTI5JTdEJTI5JTI4ZG9jdW1lbnQlMkMlMjJzY3JpcHQlMjIlMkMlMjIlMkYlMkZ3Lmxpa2VidG4uY29tJTJGanMlMkZ3JTJGd2lkZ2V0LmpzJTIyJTI5JTNCJTNDJTJGc2NyaXB0JTNFJTBBJTNDJTIxLS0lMjBMaWtlQnRuLmNvbSUyMEVORCUyMC0tJTNF[\/vc_raw_html][\/vc_column_inner][\/vc_row_inner][\/vc_column][\/vc_row][vc_row row_height_percent=&#8221;0&#8243; overlay_alpha=&#8221;50&#8243; gutter_size=&#8221;3&#8243; column_width_percent=&#8221;100&#8243; shift_y=&#8221;0&#8243; z_index=&#8221;0&#8243;][vc_column column_width_percent=&#8221;100&#8243; gutter_size=&#8221;3&#8243; overlay_alpha=&#8221;50&#8243; shift_x=&#8221;0&#8243; shift_y=&#8221;0&#8243; shift_y_down=&#8221;0&#8243; z_index=&#8221;0&#8243; medium_width=&#8221;0&#8243; mobile_visibility=&#8221;yes&#8221; mobile_width=&#8221;0&#8243; width=&#8221;1\/1&#8243;][uncode_index el_id=&#8221;index-370802&#8243; loop=&#8221;size:3|order_by:date|post_type:post|taxonomy_count:10&#8243; screen_lg=&#8221;1000&#8243; screen_md=&#8221;600&#8243; screen_sm=&#8221;480&#8243; gutter_size=&#8221;3&#8243; post_items=&#8221;media|featured|onpost|original,title&#8221; single_overlay_opacity=&#8221;50&#8243; single_padding=&#8221;1&#8243; single_title_family=&#8221;font-106590&#8243; single_title_dimension=&#8221;h4&#8243; single_title_weight=&#8221;200&#8243;][\/vc_column][\/vc_row][vc_row row_height_percent=&#8221;0&#8243; overlay_alpha=&#8221;50&#8243; gutter_size=&#8221;3&#8243; column_width_percent=&#8221;100&#8243; shift_y=&#8221;0&#8243; z_index=&#8221;0&#8243; desktop_visibility=&#8221;yes&#8221; medium_visibility=&#8221;yes&#8221;][vc_column width=&#8221;1\/1&#8243;][vc_custom_heading text_color=&#8221;color-jevc&#8221; heading_semantic=&#8221;h3&#8243; text_size=&#8221;h3&#8243; text_weight=&#8221;300&#8243; separator=&#8221;yes&#8221;]Popular posts[\/vc_custom_heading][\/vc_column][\/vc_row]<\/p>\n<\/div>","protected":false},"excerpt":{"rendered":"<p>The Atlantic culture is felt in this brand<\/p>\n","protected":false},"author":2,"featured_media":78925,"comment_status":"closed","ping_status":"closed","sticky":false,"template":"","format":"standard","meta":{"_acf_changed":false,"footnotes":""},"categories":[168],"tags":[],"class_list":["post-79158","post","type-post","status-publish","format-standard","has-post-thumbnail","hentry","category-design-es"],"acf":[],"yoast_head":"<!-- This site is optimized with the Yoast SEO plugin v24.4 - https:\/\/yoast.com\/wordpress\/plugins\/seo\/ -->\n<title>bela furtiva - N\u00e9boa Concept<\/title>\n<meta name=\"robots\" content=\"index, follow, max-snippet:-1, max-image-preview:large, max-video-preview:-1\" \/>\n<link rel=\"canonical\" href=\"https:\/\/neboaconcept.com\/es\/bela-furtiva\/\" \/>\n<meta property=\"og:locale\" content=\"es_ES\" \/>\n<meta property=\"og:type\" content=\"article\" \/>\n<meta property=\"og:title\" content=\"bela furtiva - N\u00e9boa Concept\" \/>\n<meta property=\"og:description\" content=\"The Atlantic culture is felt in this brand\" \/>\n<meta property=\"og:url\" content=\"https:\/\/neboaconcept.com\/es\/bela-furtiva\/\" \/>\n<meta property=\"og:site_name\" content=\"N\u00e9boa Concept\" \/>\n<meta property=\"article:published_time\" content=\"2023-10-26T23:50:48+00:00\" \/>\n<meta name=\"author\" content=\"Elena Coello\" \/>\n<meta name=\"twitter:card\" content=\"summary_large_image\" \/>\n<meta name=\"twitter:label1\" content=\"Escrito por\" \/>\n\t<meta name=\"twitter:data1\" content=\"Elena Coello\" \/>\n\t<meta name=\"twitter:label2\" content=\"Tiempo de lectura\" \/>\n\t<meta name=\"twitter:data2\" content=\"26 minutos\" \/>\n<script type=\"application\/ld+json\" class=\"yoast-schema-graph\">{\"@context\":\"https:\/\/schema.org\",\"@graph\":[{\"@type\":\"WebPage\",\"@id\":\"https:\/\/neboaconcept.com\/es\/bela-furtiva\/\",\"url\":\"https:\/\/neboaconcept.com\/es\/bela-furtiva\/\",\"name\":\"bela furtiva - N\u00e9boa Concept\",\"isPartOf\":{\"@id\":\"https:\/\/neboaconcept.com\/es\/#website\"},\"primaryImageOfPage\":{\"@id\":\"https:\/\/neboaconcept.com\/es\/bela-furtiva\/#primaryimage\"},\"image\":{\"@id\":\"https:\/\/neboaconcept.com\/es\/bela-furtiva\/#primaryimage\"},\"thumbnailUrl\":\"https:\/\/neboaconcept.com\/wp-content\/uploads\/2023\/10\/COLECCION_FENTA.jpg\",\"datePublished\":\"2023-10-26T23:50:48+00:00\",\"author\":{\"@id\":\"https:\/\/neboaconcept.com\/es\/#\/schema\/person\/585657a8646e2ff3c6bc8298a930ee3b\"},\"breadcrumb\":{\"@id\":\"https:\/\/neboaconcept.com\/es\/bela-furtiva\/#breadcrumb\"},\"inLanguage\":\"es\",\"potentialAction\":[{\"@type\":\"ReadAction\",\"target\":[\"https:\/\/neboaconcept.com\/es\/bela-furtiva\/\"]}]},{\"@type\":\"ImageObject\",\"inLanguage\":\"es\",\"@id\":\"https:\/\/neboaconcept.com\/es\/bela-furtiva\/#primaryimage\",\"url\":\"https:\/\/neboaconcept.com\/wp-content\/uploads\/2023\/10\/COLECCION_FENTA.jpg\",\"contentUrl\":\"https:\/\/neboaconcept.com\/wp-content\/uploads\/2023\/10\/COLECCION_FENTA.jpg\",\"width\":1800,\"height\":1350},{\"@type\":\"BreadcrumbList\",\"@id\":\"https:\/\/neboaconcept.com\/es\/bela-furtiva\/#breadcrumb\",\"itemListElement\":[{\"@type\":\"ListItem\",\"position\":1,\"name\":\"Home\",\"item\":\"https:\/\/neboaconcept.com\/es\/\"},{\"@type\":\"ListItem\",\"position\":2,\"name\":\"bela furtiva\"}]},{\"@type\":\"WebSite\",\"@id\":\"https:\/\/neboaconcept.com\/es\/#website\",\"url\":\"https:\/\/neboaconcept.com\/es\/\",\"name\":\"N\u00e9boa Concept\",\"description\":\"Atlantic Culture\",\"potentialAction\":[{\"@type\":\"SearchAction\",\"target\":{\"@type\":\"EntryPoint\",\"urlTemplate\":\"https:\/\/neboaconcept.com\/es\/?s={search_term_string}\"},\"query-input\":{\"@type\":\"PropertyValueSpecification\",\"valueRequired\":true,\"valueName\":\"search_term_string\"}}],\"inLanguage\":\"es\"},{\"@type\":\"Person\",\"@id\":\"https:\/\/neboaconcept.com\/es\/#\/schema\/person\/585657a8646e2ff3c6bc8298a930ee3b\",\"name\":\"Elena Coello\",\"image\":{\"@type\":\"ImageObject\",\"inLanguage\":\"es\",\"@id\":\"https:\/\/neboaconcept.com\/es\/#\/schema\/person\/image\/\",\"url\":\"https:\/\/secure.gravatar.com\/avatar\/9f47f880bb5365bc9abc7ed6f7859f6a?s=96&d=mm&r=g\",\"contentUrl\":\"https:\/\/secure.gravatar.com\/avatar\/9f47f880bb5365bc9abc7ed6f7859f6a?s=96&d=mm&r=g\",\"caption\":\"Elena Coello\"},\"url\":\"https:\/\/neboaconcept.com\/es\/author\/ecoello\/\"}]}<\/script>\n<!-- \/ Yoast SEO plugin. -->","yoast_head_json":{"title":"bela furtiva - N\u00e9boa Concept","robots":{"index":"index","follow":"follow","max-snippet":"max-snippet:-1","max-image-preview":"max-image-preview:large","max-video-preview":"max-video-preview:-1"},"canonical":"https:\/\/neboaconcept.com\/es\/bela-furtiva\/","og_locale":"es_ES","og_type":"article","og_title":"bela furtiva - N\u00e9boa Concept","og_description":"The Atlantic culture is felt in this brand","og_url":"https:\/\/neboaconcept.com\/es\/bela-furtiva\/","og_site_name":"N\u00e9boa Concept","article_published_time":"2023-10-26T23:50:48+00:00","author":"Elena Coello","twitter_card":"summary_large_image","twitter_misc":{"Escrito por":"Elena Coello","Tiempo de lectura":"26 minutos"},"schema":{"@context":"https:\/\/schema.org","@graph":[{"@type":"WebPage","@id":"https:\/\/neboaconcept.com\/es\/bela-furtiva\/","url":"https:\/\/neboaconcept.com\/es\/bela-furtiva\/","name":"bela furtiva - N\u00e9boa Concept","isPartOf":{"@id":"https:\/\/neboaconcept.com\/es\/#website"},"primaryImageOfPage":{"@id":"https:\/\/neboaconcept.com\/es\/bela-furtiva\/#primaryimage"},"image":{"@id":"https:\/\/neboaconcept.com\/es\/bela-furtiva\/#primaryimage"},"thumbnailUrl":"https:\/\/neboaconcept.com\/wp-content\/uploads\/2023\/10\/COLECCION_FENTA.jpg","datePublished":"2023-10-26T23:50:48+00:00","author":{"@id":"https:\/\/neboaconcept.com\/es\/#\/schema\/person\/585657a8646e2ff3c6bc8298a930ee3b"},"breadcrumb":{"@id":"https:\/\/neboaconcept.com\/es\/bela-furtiva\/#breadcrumb"},"inLanguage":"es","potentialAction":[{"@type":"ReadAction","target":["https:\/\/neboaconcept.com\/es\/bela-furtiva\/"]}]},{"@type":"ImageObject","inLanguage":"es","@id":"https:\/\/neboaconcept.com\/es\/bela-furtiva\/#primaryimage","url":"https:\/\/neboaconcept.com\/wp-content\/uploads\/2023\/10\/COLECCION_FENTA.jpg","contentUrl":"https:\/\/neboaconcept.com\/wp-content\/uploads\/2023\/10\/COLECCION_FENTA.jpg","width":1800,"height":1350},{"@type":"BreadcrumbList","@id":"https:\/\/neboaconcept.com\/es\/bela-furtiva\/#breadcrumb","itemListElement":[{"@type":"ListItem","position":1,"name":"Home","item":"https:\/\/neboaconcept.com\/es\/"},{"@type":"ListItem","position":2,"name":"bela furtiva"}]},{"@type":"WebSite","@id":"https:\/\/neboaconcept.com\/es\/#website","url":"https:\/\/neboaconcept.com\/es\/","name":"N\u00e9boa Concept","description":"Atlantic Culture","potentialAction":[{"@type":"SearchAction","target":{"@type":"EntryPoint","urlTemplate":"https:\/\/neboaconcept.com\/es\/?s={search_term_string}"},"query-input":{"@type":"PropertyValueSpecification","valueRequired":true,"valueName":"search_term_string"}}],"inLanguage":"es"},{"@type":"Person","@id":"https:\/\/neboaconcept.com\/es\/#\/schema\/person\/585657a8646e2ff3c6bc8298a930ee3b","name":"Elena Coello","image":{"@type":"ImageObject","inLanguage":"es","@id":"https:\/\/neboaconcept.com\/es\/#\/schema\/person\/image\/","url":"https:\/\/secure.gravatar.com\/avatar\/9f47f880bb5365bc9abc7ed6f7859f6a?s=96&d=mm&r=g","contentUrl":"https:\/\/secure.gravatar.com\/avatar\/9f47f880bb5365bc9abc7ed6f7859f6a?s=96&d=mm&r=g","caption":"Elena Coello"},"url":"https:\/\/neboaconcept.com\/es\/author\/ecoello\/"}]}},"_links":{"self":[{"href":"https:\/\/neboaconcept.com\/es\/wp-json\/wp\/v2\/posts\/79158","targetHints":{"allow":["GET"]}}],"collection":[{"href":"https:\/\/neboaconcept.com\/es\/wp-json\/wp\/v2\/posts"}],"about":[{"href":"https:\/\/neboaconcept.com\/es\/wp-json\/wp\/v2\/types\/post"}],"author":[{"embeddable":true,"href":"https:\/\/neboaconcept.com\/es\/wp-json\/wp\/v2\/users\/2"}],"replies":[{"embeddable":true,"href":"https:\/\/neboaconcept.com\/es\/wp-json\/wp\/v2\/comments?post=79158"}],"version-history":[{"count":0,"href":"https:\/\/neboaconcept.com\/es\/wp-json\/wp\/v2\/posts\/79158\/revisions"}],"wp:featuredmedia":[{"embeddable":true,"href":"https:\/\/neboaconcept.com\/es\/wp-json\/wp\/v2\/media\/78925"}],"wp:attachment":[{"href":"https:\/\/neboaconcept.com\/es\/wp-json\/wp\/v2\/media?parent=79158"}],"wp:term":[{"taxonomy":"category","embeddable":true,"href":"https:\/\/neboaconcept.com\/es\/wp-json\/wp\/v2\/categories?post=79158"},{"taxonomy":"post_tag","embeddable":true,"href":"https:\/\/neboaconcept.com\/es\/wp-json\/wp\/v2\/tags?post=79158"}],"curies":[{"name":"wp","href":"https:\/\/api.w.org\/{rel}","templated":true}]}}